{"id":26883,"date":"2026-04-29T00:17:31","date_gmt":"2026-04-29T00:17:31","guid":{"rendered":"https:\/\/topmotor.com.ar\/?p=26883"},"modified":"2026-04-29T00:17:31","modified_gmt":"2026-04-29T00:17:31","slug":"se-presento-las-cenicientas-del-dakar-la-otra-mision-argentina","status":"publish","type":"post","link":"https:\/\/topmotor.com.ar\/index.php\/2026\/04\/29\/se-presento-las-cenicientas-del-dakar-la-otra-mision-argentina\/","title":{"rendered":"Se present\u00f3 \u201cLas Cenicientas del Dakar \u2013 La otra misi\u00f3n argentina\u201d"},"content":{"rendered":"<p>En la Feria del Libro se present\u00f3 en sociedad esta obra que rescata una de las gestas m\u00e1s importantes del automovilismo argentino.<\/p>\n<figure id=\"attachment_26877\" aria-describedby=\"caption-attachment-26877\" style=\"width: 704px\" class=\"wp-caption aligncenter\"><img loading=\"lazy\" decoding=\"async\" class=\" wp-image-26877\" src=\"https:\/\/topmotor.com.ar\/wp-content\/uploads\/2026\/04\/DAKAR-A-134-1-300x200.jpg\" alt=\"\" width=\"704\" height=\"469\" srcset=\"https:\/\/topmotor.com.ar\/wp-content\/uploads\/2026\/04\/DAKAR-A-134-1-300x200.jpg 300w, https:\/\/topmotor.com.ar\/wp-content\/uploads\/2026\/04\/DAKAR-A-134-1-1024x683.jpg 1024w, https:\/\/topmotor.com.ar\/wp-content\/uploads\/2026\/04\/DAKAR-A-134-1-768x512.jpg 768w, https:\/\/topmotor.com.ar\/wp-content\/uploads\/2026\/04\/DAKAR-A-134-1-1536x1024.jpg 1536w, https:\/\/topmotor.com.ar\/wp-content\/uploads\/2026\/04\/DAKAR-A-134-1-2048x1365.jpg 2048w, https:\/\/topmotor.com.ar\/wp-content\/uploads\/2026\/04\/DAKAR-A-134-1-696x464.jpg 696w, https:\/\/topmotor.com.ar\/wp-content\/uploads\/2026\/04\/DAKAR-A-134-1-1068x712.jpg 1068w, https:\/\/topmotor.com.ar\/wp-content\/uploads\/2026\/04\/DAKAR-A-134-1-630x420.jpg 630w\" sizes=\"auto, (max-width: 704px) 100vw, 704px\" \/><figcaption id=\"caption-attachment-26877\" class=\"wp-caption-text\">@GERARDOMARIANI<\/figcaption><\/figure>\n<p>El encuentro, desarrollado en el marco de la 50. \u00aa Feria Internacional del Libro de Buenos Aires, fue mucho m\u00e1s que una presentaci\u00f3n, fue una experiencia colectiva de memoria, reencuentro y homenaje, donde se contaron relatos y reflexiones de aquel momento: el participar del Dakar africano de 1987 con dos Renault 18 Break 4X4 nacionales.<\/p>\n<p><img loading=\"lazy\" decoding=\"async\" class=\"alignnone  wp-image-26880\" src=\"https:\/\/topmotor.com.ar\/wp-content\/uploads\/2026\/04\/DAKAR-A-95-1-300x200.jpg\" alt=\"\" width=\"338\" height=\"225\" srcset=\"https:\/\/topmotor.com.ar\/wp-content\/uploads\/2026\/04\/DAKAR-A-95-1-300x200.jpg 300w, https:\/\/topmotor.com.ar\/wp-content\/uploads\/2026\/04\/DAKAR-A-95-1-1024x683.jpg 1024w, https:\/\/topmotor.com.ar\/wp-content\/uploads\/2026\/04\/DAKAR-A-95-1-768x512.jpg 768w, https:\/\/topmotor.com.ar\/wp-content\/uploads\/2026\/04\/DAKAR-A-95-1-1536x1024.jpg 1536w, https:\/\/topmotor.com.ar\/wp-content\/uploads\/2026\/04\/DAKAR-A-95-1-2048x1365.jpg 2048w, https:\/\/topmotor.com.ar\/wp-content\/uploads\/2026\/04\/DAKAR-A-95-1-696x464.jpg 696w, https:\/\/topmotor.com.ar\/wp-content\/uploads\/2026\/04\/DAKAR-A-95-1-1068x712.jpg 1068w, https:\/\/topmotor.com.ar\/wp-content\/uploads\/2026\/04\/DAKAR-A-95-1-630x420.jpg 630w\" sizes=\"auto, (max-width: 338px) 100vw, 338px\" \/><img loading=\"lazy\" decoding=\"async\" class=\"alignnone  wp-image-26882\" src=\"https:\/\/topmotor.com.ar\/wp-content\/uploads\/2026\/04\/DAKAR-A-24-1-300x200.jpg\" alt=\"\" width=\"338\" height=\"225\" srcset=\"https:\/\/topmotor.com.ar\/wp-content\/uploads\/2026\/04\/DAKAR-A-24-1-300x200.jpg 300w, https:\/\/topmotor.com.ar\/wp-content\/uploads\/2026\/04\/DAKAR-A-24-1-1024x683.jpg 1024w, https:\/\/topmotor.com.ar\/wp-content\/uploads\/2026\/04\/DAKAR-A-24-1-768x512.jpg 768w, https:\/\/topmotor.com.ar\/wp-content\/uploads\/2026\/04\/DAKAR-A-24-1-1536x1024.jpg 1536w, https:\/\/topmotor.com.ar\/wp-content\/uploads\/2026\/04\/DAKAR-A-24-1-2048x1365.jpg 2048w, https:\/\/topmotor.com.ar\/wp-content\/uploads\/2026\/04\/DAKAR-A-24-1-696x464.jpg 696w, https:\/\/topmotor.com.ar\/wp-content\/uploads\/2026\/04\/DAKAR-A-24-1-1068x712.jpg 1068w, https:\/\/topmotor.com.ar\/wp-content\/uploads\/2026\/04\/DAKAR-A-24-1-630x420.jpg 630w\" sizes=\"auto, (max-width: 338px) 100vw, 338px\" \/><\/p>\n<p>El libro, autor\u00eda de Mart\u00edn Aliandri, reconstruye una traves\u00eda deportiva y trae las memorias de cada protagonista, quienes a su vez fueron oradores en el panel junto a referentes del periodismo especializado.<\/p>\n<figure id=\"attachment_26879\" aria-describedby=\"caption-attachment-26879\" style=\"width: 701px\" class=\"wp-caption aligncenter\"><img loading=\"lazy\" decoding=\"async\" class=\" wp-image-26879\" src=\"https:\/\/topmotor.com.ar\/wp-content\/uploads\/2026\/04\/DAKAR-A-98-1-300x200.jpg\" alt=\"\" width=\"701\" height=\"467\" srcset=\"https:\/\/topmotor.com.ar\/wp-content\/uploads\/2026\/04\/DAKAR-A-98-1-300x200.jpg 300w, https:\/\/topmotor.com.ar\/wp-content\/uploads\/2026\/04\/DAKAR-A-98-1-1024x683.jpg 1024w, https:\/\/topmotor.com.ar\/wp-content\/uploads\/2026\/04\/DAKAR-A-98-1-768x512.jpg 768w, https:\/\/topmotor.com.ar\/wp-content\/uploads\/2026\/04\/DAKAR-A-98-1-1536x1024.jpg 1536w, https:\/\/topmotor.com.ar\/wp-content\/uploads\/2026\/04\/DAKAR-A-98-1-2048x1365.jpg 2048w, https:\/\/topmotor.com.ar\/wp-content\/uploads\/2026\/04\/DAKAR-A-98-1-696x464.jpg 696w, https:\/\/topmotor.com.ar\/wp-content\/uploads\/2026\/04\/DAKAR-A-98-1-1068x712.jpg 1068w, https:\/\/topmotor.com.ar\/wp-content\/uploads\/2026\/04\/DAKAR-A-98-1-630x420.jpg 630w\" sizes=\"auto, (max-width: 701px) 100vw, 701px\" \/><figcaption id=\"caption-attachment-26879\" class=\"wp-caption-text\">@GERARDOMARIANI<\/figcaption><\/figure>\n<p>El libro ya se encuentra disponible en librer\u00edas Yenny y El Ateneo.<\/p>\n","protected":false},"excerpt":{"rendered":"<p>En la Feria del Libro se present\u00f3 en sociedad esta obra que rescata una de las gestas m\u00e1s importantes del automovilismo argentino. El encuentro, desarrollado en el marco de la 50. \u00aa Feria Internacional del Libro de Buenos Aires, fue mucho m\u00e1s que una presentaci\u00f3n, fue una experiencia colectiva de memoria, reencuentro y homenaje, donde [&hellip;]<\/p>\n","protected":false},"author":2,"featured_media":26877,"comment_status":"open","ping_status":"open","sticky":false,"template":"","format":"standard","meta":{"footnotes":""},"categories":[50],"tags":[337],"class_list":["post-26883","post","type-post","status-publish","format-standard","has-post-thumbnail","hentry","category-novedad","tag-novedad"],"_links":{"self":[{"href":"https:\/\/topmotor.com.ar\/index.php\/wp-json\/wp\/v2\/posts\/26883","targetHints":{"allow":["GET"]}}],"collection":[{"href":"https:\/\/topmotor.com.ar\/index.php\/wp-json\/wp\/v2\/posts"}],"about":[{"href":"https:\/\/topmotor.com.ar\/index.php\/wp-json\/wp\/v2\/types\/post"}],"author":[{"embeddable":true,"href":"https:\/\/topmotor.com.ar\/index.php\/wp-json\/wp\/v2\/users\/2"}],"replies":[{"embeddable":true,"href":"https:\/\/topmotor.com.ar\/index.php\/wp-json\/wp\/v2\/comments?post=26883"}],"version-history":[{"count":2,"href":"https:\/\/topmotor.com.ar\/index.php\/wp-json\/wp\/v2\/posts\/26883\/revisions"}],"predecessor-version":[{"id":26885,"href":"https:\/\/topmotor.com.ar\/index.php\/wp-json\/wp\/v2\/posts\/26883\/revisions\/26885"}],"wp:featuredmedia":[{"embeddable":true,"href":"https:\/\/topmotor.com.ar\/index.php\/wp-json\/wp\/v2\/media\/26877"}],"wp:attachment":[{"href":"https:\/\/topmotor.com.ar\/index.php\/wp-json\/wp\/v2\/media?parent=26883"}],"wp:term":[{"taxonomy":"category","embeddable":true,"href":"https:\/\/topmotor.com.ar\/index.php\/wp-json\/wp\/v2\/categories?post=26883"},{"taxonomy":"post_tag","embeddable":true,"href":"https:\/\/topmotor.com.ar\/index.php\/wp-json\/wp\/v2\/tags?post=26883"}],"curies":[{"name":"wp","href":"https:\/\/api.w.org\/{rel}","templated":true}]}}