{"id":26865,"date":"2026-04-28T14:16:52","date_gmt":"2026-04-28T14:16:52","guid":{"rendered":"https:\/\/topmotor.com.ar\/?p=26865"},"modified":"2026-04-28T15:46:26","modified_gmt":"2026-04-28T15:46:26","slug":"dongfeng-comercializa-vans-de-carga-y-de-pasajeros","status":"publish","type":"post","link":"https:\/\/topmotor.com.ar\/index.php\/2026\/04\/28\/dongfeng-comercializa-vans-de-carga-y-de-pasajeros\/","title":{"rendered":"Dongfeng y su gama de vans de carga y de pasajeros"},"content":{"rendered":"<p>Estos modelos de transporte est\u00e1n pensados para la log\u00edstica urbana, traslados corporativos y grupales. Combinan capacidad, dise\u00f1o y versatilidad. Ya est\u00e1n a la venta en Argentina.<\/p>\n<figure id=\"attachment_26858\" aria-describedby=\"caption-attachment-26858\" style=\"width: 705px\" class=\"wp-caption aligncenter\"><img loading=\"lazy\" decoding=\"async\" class=\" wp-image-26858\" src=\"https:\/\/topmotor.com.ar\/wp-content\/uploads\/2026\/04\/1-Dongfeng-Van-312L-Cargo-300x200.jpg\" alt=\"\" width=\"705\" height=\"470\" srcset=\"https:\/\/topmotor.com.ar\/wp-content\/uploads\/2026\/04\/1-Dongfeng-Van-312L-Cargo-300x200.jpg 300w, https:\/\/topmotor.com.ar\/wp-content\/uploads\/2026\/04\/1-Dongfeng-Van-312L-Cargo-1024x683.jpg 1024w, https:\/\/topmotor.com.ar\/wp-content\/uploads\/2026\/04\/1-Dongfeng-Van-312L-Cargo-768x512.jpg 768w, https:\/\/topmotor.com.ar\/wp-content\/uploads\/2026\/04\/1-Dongfeng-Van-312L-Cargo-1536x1024.jpg 1536w\" sizes=\"auto, (max-width: 705px) 100vw, 705px\" \/><figcaption id=\"caption-attachment-26858\" class=\"wp-caption-text\">Van 312L Cargo<\/figcaption><\/figure>\n<p>Esta marca comercializada en el pa\u00eds por Magma Automotive desde agosto de 2025, empieza a ofrecer una gama diferenciada entre vans de carga y vans de pasajeros para distintos tipos de negocio y recorrido. Esto se debe a una demanda por parte de los clientes que pasan horas arriba de un veh\u00edculo.<\/p>\n<figure id=\"attachment_26862\" aria-describedby=\"caption-attachment-26862\" style=\"width: 701px\" class=\"wp-caption aligncenter\"><img loading=\"lazy\" decoding=\"async\" class=\" wp-image-26862\" src=\"https:\/\/topmotor.com.ar\/wp-content\/uploads\/2026\/04\/2-U-Van-414-Cargo-1-300x200.jpg\" alt=\"\" width=\"701\" height=\"467\" srcset=\"https:\/\/topmotor.com.ar\/wp-content\/uploads\/2026\/04\/2-U-Van-414-Cargo-1-300x200.jpg 300w, https:\/\/topmotor.com.ar\/wp-content\/uploads\/2026\/04\/2-U-Van-414-Cargo-1-1024x683.jpg 1024w, https:\/\/topmotor.com.ar\/wp-content\/uploads\/2026\/04\/2-U-Van-414-Cargo-1-768x512.jpg 768w, https:\/\/topmotor.com.ar\/wp-content\/uploads\/2026\/04\/2-U-Van-414-Cargo-1-1536x1024.jpg 1536w, https:\/\/topmotor.com.ar\/wp-content\/uploads\/2026\/04\/2-U-Van-414-Cargo-1-2048x1366.jpg 2048w, https:\/\/topmotor.com.ar\/wp-content\/uploads\/2026\/04\/2-U-Van-414-Cargo-1-696x464.jpg 696w, https:\/\/topmotor.com.ar\/wp-content\/uploads\/2026\/04\/2-U-Van-414-Cargo-1-1068x712.jpg 1068w, https:\/\/topmotor.com.ar\/wp-content\/uploads\/2026\/04\/2-U-Van-414-Cargo-1-630x420.jpg 630w\" sizes=\"auto, (max-width: 701px) 100vw, 701px\" \/><figcaption id=\"caption-attachment-26862\" class=\"wp-caption-text\">U-Van 414 Cargo<\/figcaption><\/figure>\n<p>En el segmento de carga, la Van 312 Cargo y la 312L Cargo son la respuesta para lo urbano. Tienen motor naftero de 1.6L y 120 hp. Para una opci\u00f3n de mayor escala, est\u00e1 la U-Van 414 Cargo con motor di\u00e9sel de 2.3L con 136 hp y 350 Nm de torque.<\/p>\n<figure id=\"attachment_26859\" aria-describedby=\"caption-attachment-26859\" style=\"width: 701px\" class=\"wp-caption aligncenter\"><img loading=\"lazy\" decoding=\"async\" class=\" wp-image-26859\" src=\"https:\/\/topmotor.com.ar\/wp-content\/uploads\/2026\/04\/3-U-Van-414-Bus-1-300x200.jpg\" alt=\"\" width=\"701\" height=\"467\" srcset=\"https:\/\/topmotor.com.ar\/wp-content\/uploads\/2026\/04\/3-U-Van-414-Bus-1-300x200.jpg 300w, https:\/\/topmotor.com.ar\/wp-content\/uploads\/2026\/04\/3-U-Van-414-Bus-1-1024x683.jpg 1024w, https:\/\/topmotor.com.ar\/wp-content\/uploads\/2026\/04\/3-U-Van-414-Bus-1-768x512.jpg 768w, https:\/\/topmotor.com.ar\/wp-content\/uploads\/2026\/04\/3-U-Van-414-Bus-1-1536x1024.jpg 1536w, https:\/\/topmotor.com.ar\/wp-content\/uploads\/2026\/04\/3-U-Van-414-Bus-1-2048x1365.jpg 2048w, https:\/\/topmotor.com.ar\/wp-content\/uploads\/2026\/04\/3-U-Van-414-Bus-1-696x464.jpg 696w, https:\/\/topmotor.com.ar\/wp-content\/uploads\/2026\/04\/3-U-Van-414-Bus-1-1068x712.jpg 1068w, https:\/\/topmotor.com.ar\/wp-content\/uploads\/2026\/04\/3-U-Van-414-Bus-1-630x420.jpg 630w\" sizes=\"auto, (max-width: 701px) 100vw, 701px\" \/><figcaption id=\"caption-attachment-26859\" class=\"wp-caption-text\">U-Van 414 Bus<\/figcaption><\/figure>\n<p>Para el traslado de pasajeros, la gama cuenta con la Van 312L Bus, con motor Dongan 1.6L de 120 hp, con capacidad de hasta 10 pasajeros m\u00e1s el conductor. Para operaciones que requieren mayor capacidad, la U-Van 414 Bus est\u00e1 impulsada por el motor Renault M9T di\u00e9sel de 2.3L de 136 hp y 350 Nm de torque, con capacidad para hasta 14 pasajeros m\u00e1s el conductor.<\/p>\n<figure id=\"attachment_26855\" aria-describedby=\"caption-attachment-26855\" style=\"width: 704px\" class=\"wp-caption aligncenter\"><img loading=\"lazy\" decoding=\"async\" class=\" wp-image-26855\" src=\"https:\/\/topmotor.com.ar\/wp-content\/uploads\/2026\/04\/4-VAN-312-Cargo-300x200.jpg\" alt=\"\" width=\"704\" height=\"469\" srcset=\"https:\/\/topmotor.com.ar\/wp-content\/uploads\/2026\/04\/4-VAN-312-Cargo-300x200.jpg 300w, https:\/\/topmotor.com.ar\/wp-content\/uploads\/2026\/04\/4-VAN-312-Cargo-1024x683.jpg 1024w, https:\/\/topmotor.com.ar\/wp-content\/uploads\/2026\/04\/4-VAN-312-Cargo-768x512.jpg 768w, https:\/\/topmotor.com.ar\/wp-content\/uploads\/2026\/04\/4-VAN-312-Cargo-1536x1024.jpg 1536w, https:\/\/topmotor.com.ar\/wp-content\/uploads\/2026\/04\/4-VAN-312-Cargo-2048x1365.jpg 2048w, https:\/\/topmotor.com.ar\/wp-content\/uploads\/2026\/04\/4-VAN-312-Cargo-696x464.jpg 696w, https:\/\/topmotor.com.ar\/wp-content\/uploads\/2026\/04\/4-VAN-312-Cargo-1068x712.jpg 1068w, https:\/\/topmotor.com.ar\/wp-content\/uploads\/2026\/04\/4-VAN-312-Cargo-630x420.jpg 630w\" sizes=\"auto, (max-width: 704px) 100vw, 704px\" \/><figcaption id=\"caption-attachment-26855\" class=\"wp-caption-text\">Van 312 Cargo<\/figcaption><\/figure>\n<p>Todos ofrecen un habit\u00e1culo amplio, asientos revestidos en materiales de alta resistencia, aire acondicionado, iluminaci\u00f3n LED, entre otros destacados. En materia de seguridad, incluyen frenos ABS, distribuci\u00f3n electr\u00f3nica de frenado y control de estabilidad. Seg\u00fan la versi\u00f3n, incorporan airbags, sensores de estacionamiento y c\u00e1mara de retroceso, adem\u00e1s de control de velocidad crucero, mejoras en iluminaci\u00f3n y panel de informaci\u00f3n, pensados para trayectos m\u00e1s largos.<\/p>\n<figure id=\"attachment_26857\" aria-describedby=\"caption-attachment-26857\" style=\"width: 702px\" class=\"wp-caption aligncenter\"><img loading=\"lazy\" decoding=\"async\" class=\" wp-image-26857\" src=\"https:\/\/topmotor.com.ar\/wp-content\/uploads\/2026\/04\/5-Van-312L-Bus-300x200.jpg\" alt=\"\" width=\"702\" height=\"468\" srcset=\"https:\/\/topmotor.com.ar\/wp-content\/uploads\/2026\/04\/5-Van-312L-Bus-300x200.jpg 300w, https:\/\/topmotor.com.ar\/wp-content\/uploads\/2026\/04\/5-Van-312L-Bus-1024x683.jpg 1024w, https:\/\/topmotor.com.ar\/wp-content\/uploads\/2026\/04\/5-Van-312L-Bus-768x512.jpg 768w, https:\/\/topmotor.com.ar\/wp-content\/uploads\/2026\/04\/5-Van-312L-Bus-1536x1024.jpg 1536w\" sizes=\"auto, (max-width: 702px) 100vw, 702px\" \/><figcaption id=\"caption-attachment-26857\" class=\"wp-caption-text\">Van 312L Bus<\/figcaption><\/figure>\n<p>Con garant\u00eda de 3 a\u00f1os o 200.000 km, disponibilidad de repuestos y atenci\u00f3n al cliente, la gama de vans y buses de Dongfeng est\u00e1 lista para acompa\u00f1ar operaciones de distinta escala en todo el pa\u00eds.<\/p>\n<p><img loading=\"lazy\" decoding=\"async\" class=\" wp-image-26863 aligncenter\" src=\"https:\/\/topmotor.com.ar\/wp-content\/uploads\/2026\/04\/6-312-L-Cargo-Interior-1-300x200.jpg\" alt=\"\" width=\"704\" height=\"469\" srcset=\"https:\/\/topmotor.com.ar\/wp-content\/uploads\/2026\/04\/6-312-L-Cargo-Interior-1-300x200.jpg 300w, https:\/\/topmotor.com.ar\/wp-content\/uploads\/2026\/04\/6-312-L-Cargo-Interior-1-1024x683.jpg 1024w, https:\/\/topmotor.com.ar\/wp-content\/uploads\/2026\/04\/6-312-L-Cargo-Interior-1-768x512.jpg 768w, https:\/\/topmotor.com.ar\/wp-content\/uploads\/2026\/04\/6-312-L-Cargo-Interior-1-1536x1024.jpg 1536w, https:\/\/topmotor.com.ar\/wp-content\/uploads\/2026\/04\/6-312-L-Cargo-Interior-1-2048x1365.jpg 2048w, https:\/\/topmotor.com.ar\/wp-content\/uploads\/2026\/04\/6-312-L-Cargo-Interior-1-696x464.jpg 696w, https:\/\/topmotor.com.ar\/wp-content\/uploads\/2026\/04\/6-312-L-Cargo-Interior-1-1068x712.jpg 1068w, https:\/\/topmotor.com.ar\/wp-content\/uploads\/2026\/04\/6-312-L-Cargo-Interior-1-630x420.jpg 630w\" sizes=\"auto, (max-width: 704px) 100vw, 704px\" \/><\/p>\n<p>Para m\u00e1s informaci\u00f3n sobre los modelos y la red de concesionarios ingresar a:<a href=\"https:\/\/dongfeng.ar\/\">https:\/\/dongfeng.ar\/<\/a><\/p>\n","protected":false},"excerpt":{"rendered":"<p>Estos modelos de transporte est\u00e1n pensados para la log\u00edstica urbana, traslados corporativos y grupales. Combinan capacidad, dise\u00f1o y versatilidad. Ya est\u00e1n a la venta en Argentina. Esta marca comercializada en el pa\u00eds por Magma Automotive desde agosto de 2025, empieza a ofrecer una gama diferenciada entre vans de carga y vans de pasajeros para distintos [&hellip;]<\/p>\n","protected":false},"author":2,"featured_media":26861,"comment_status":"open","ping_status":"open","sticky":false,"template":"","format":"standard","meta":{"footnotes":""},"categories":[18],"tags":[1498,778],"class_list":["post-26865","post","type-post","status-publish","format-standard","has-post-thumbnail","hentry","category-lanzamientos","tag-dongfeng","tag-lanzamientos"],"_links":{"self":[{"href":"https:\/\/topmotor.com.ar\/index.php\/wp-json\/wp\/v2\/posts\/26865","targetHints":{"allow":["GET"]}}],"collection":[{"href":"https:\/\/topmotor.com.ar\/index.php\/wp-json\/wp\/v2\/posts"}],"about":[{"href":"https:\/\/topmotor.com.ar\/index.php\/wp-json\/wp\/v2\/types\/post"}],"author":[{"embeddable":true,"href":"https:\/\/topmotor.com.ar\/index.php\/wp-json\/wp\/v2\/users\/2"}],"replies":[{"embeddable":true,"href":"https:\/\/topmotor.com.ar\/index.php\/wp-json\/wp\/v2\/comments?post=26865"}],"version-history":[{"count":4,"href":"https:\/\/topmotor.com.ar\/index.php\/wp-json\/wp\/v2\/posts\/26865\/revisions"}],"predecessor-version":[{"id":26870,"href":"https:\/\/topmotor.com.ar\/index.php\/wp-json\/wp\/v2\/posts\/26865\/revisions\/26870"}],"wp:featuredmedia":[{"embeddable":true,"href":"https:\/\/topmotor.com.ar\/index.php\/wp-json\/wp\/v2\/media\/26861"}],"wp:attachment":[{"href":"https:\/\/topmotor.com.ar\/index.php\/wp-json\/wp\/v2\/media?parent=26865"}],"wp:term":[{"taxonomy":"category","embeddable":true,"href":"https:\/\/topmotor.com.ar\/index.php\/wp-json\/wp\/v2\/categories?post=26865"},{"taxonomy":"post_tag","embeddable":true,"href":"https:\/\/topmotor.com.ar\/index.php\/wp-json\/wp\/v2\/tags?post=26865"}],"curies":[{"name":"wp","href":"https:\/\/api.w.org\/{rel}","templated":true}]}}