{"id":24657,"date":"2025-08-29T16:27:26","date_gmt":"2025-08-29T16:27:26","guid":{"rendered":"https:\/\/topmotor.com.ar\/?p=24657"},"modified":"2025-09-17T15:29:03","modified_gmt":"2025-09-17T15:29:03","slug":"renault-lanzo-el-nuevo-koleos","status":"publish","type":"post","link":"https:\/\/topmotor.com.ar\/index.php\/2025\/08\/29\/renault-lanzo-el-nuevo-koleos\/","title":{"rendered":"Renault lanz\u00f3 el nuevo Koleos"},"content":{"rendered":"<p>La marca del rombo lanz\u00f3 la preventa exclusiva del nuevo SUV que llega en dos versiones desde Corea del Sur. Ya est\u00e1 disponible desde 74.300 d\u00f3lares.<\/p>\n<p><img loading=\"lazy\" decoding=\"async\" class=\" wp-image-24638 aligncenter\" src=\"https:\/\/topmotor.com.ar\/wp-content\/uploads\/2025\/08\/1-31-300x200.jpg\" alt=\"\" width=\"704\" height=\"469\" srcset=\"https:\/\/topmotor.com.ar\/wp-content\/uploads\/2025\/08\/1-31-300x200.jpg 300w, https:\/\/topmotor.com.ar\/wp-content\/uploads\/2025\/08\/1-31-1024x683.jpg 1024w, https:\/\/topmotor.com.ar\/wp-content\/uploads\/2025\/08\/1-31-768x512.jpg 768w, https:\/\/topmotor.com.ar\/wp-content\/uploads\/2025\/08\/1-31-1536x1024.jpg 1536w, https:\/\/topmotor.com.ar\/wp-content\/uploads\/2025\/08\/1-31-2048x1365.jpg 2048w, https:\/\/topmotor.com.ar\/wp-content\/uploads\/2025\/08\/1-31-696x464.jpg 696w, https:\/\/topmotor.com.ar\/wp-content\/uploads\/2025\/08\/1-31-1068x712.jpg 1068w, https:\/\/topmotor.com.ar\/wp-content\/uploads\/2025\/08\/1-31-630x420.jpg 630w\" sizes=\"auto, (max-width: 704px) 100vw, 704px\" \/><\/p>\n<p>Con m\u00e1s de 8.000 unidades vendidas desde su llegada en 2009, Renault lanza la tercera generaci\u00f3n de este modelo, con modificaciones en dise\u00f1o, tecnolog\u00eda, seguridad y confort. Llega en dos variantes: una llamada Techno con motor naftero y otra full h\u00edbrida autorecargable denominada Esprit Alpine Full Hybrid E-Tech. Este lanzamiento forma parte del plan estrat\u00e9gico de la automotriz para la regi\u00f3n, con el ya lanzado Kardian, y las llegadas del Boreal prevista para 2026 y la pickup de media tonelada que se fabricar\u00e1 en la f\u00e1brica de Santa Isabel.<\/p>\n<p><img loading=\"lazy\" decoding=\"async\" class=\" wp-image-24636 aligncenter\" src=\"https:\/\/topmotor.com.ar\/wp-content\/uploads\/2025\/08\/1-32-300x200.jpg\" alt=\"\" width=\"701\" height=\"467\" srcset=\"https:\/\/topmotor.com.ar\/wp-content\/uploads\/2025\/08\/1-32-300x200.jpg 300w, https:\/\/topmotor.com.ar\/wp-content\/uploads\/2025\/08\/1-32-1024x683.jpg 1024w, https:\/\/topmotor.com.ar\/wp-content\/uploads\/2025\/08\/1-32-768x512.jpg 768w, https:\/\/topmotor.com.ar\/wp-content\/uploads\/2025\/08\/1-32-1536x1024.jpg 1536w, https:\/\/topmotor.com.ar\/wp-content\/uploads\/2025\/08\/1-32-2048x1365.jpg 2048w, https:\/\/topmotor.com.ar\/wp-content\/uploads\/2025\/08\/1-32-696x464.jpg 696w, https:\/\/topmotor.com.ar\/wp-content\/uploads\/2025\/08\/1-32-1068x712.jpg 1068w, https:\/\/topmotor.com.ar\/wp-content\/uploads\/2025\/08\/1-32-630x420.jpg 630w\" sizes=\"auto, (max-width: 701px) 100vw, 701px\" \/><\/p>\n<p>Koleos es el primer modelo de la marca en incorporar una versi\u00f3n full h\u00edbrida en el mercado local. Se presenta como un veh\u00edculo de considerable tama\u00f1o, con una carrocer\u00eda de 4,78 metros de largo, amplio espacio interior y una capacidad en el ba\u00fal de 545 y 574 litros, seg\u00fan la versi\u00f3n. Presenta faros LED, una parrilla cromada y con el nuevo logo de la marca, barras San Antonio, llantas de 19\u201d y 20\u201d seg\u00fan la versi\u00f3n, techo bitono, detalles en la carrocer\u00eda y paragolpes negro con protectores en los costados.<\/p>\n<p><img loading=\"lazy\" decoding=\"async\" class=\" wp-image-24633 aligncenter\" src=\"https:\/\/topmotor.com.ar\/wp-content\/uploads\/2025\/08\/1-35-300x200.jpg\" alt=\"\" width=\"710\" height=\"473\" srcset=\"https:\/\/topmotor.com.ar\/wp-content\/uploads\/2025\/08\/1-35-300x200.jpg 300w, https:\/\/topmotor.com.ar\/wp-content\/uploads\/2025\/08\/1-35-1024x683.jpg 1024w, https:\/\/topmotor.com.ar\/wp-content\/uploads\/2025\/08\/1-35-768x512.jpg 768w, https:\/\/topmotor.com.ar\/wp-content\/uploads\/2025\/08\/1-35-1536x1024.jpg 1536w, https:\/\/topmotor.com.ar\/wp-content\/uploads\/2025\/08\/1-35-2048x1365.jpg 2048w, https:\/\/topmotor.com.ar\/wp-content\/uploads\/2025\/08\/1-35-696x464.jpg 696w, https:\/\/topmotor.com.ar\/wp-content\/uploads\/2025\/08\/1-35-1068x712.jpg 1068w, https:\/\/topmotor.com.ar\/wp-content\/uploads\/2025\/08\/1-35-630x420.jpg 630w\" sizes=\"auto, (max-width: 710px) 100vw, 710px\" \/><\/p>\n<p><img loading=\"lazy\" decoding=\"async\" class=\" wp-image-24632 aligncenter\" src=\"https:\/\/topmotor.com.ar\/wp-content\/uploads\/2025\/08\/1-36-300x200.jpg\" alt=\"\" width=\"701\" height=\"467\" srcset=\"https:\/\/topmotor.com.ar\/wp-content\/uploads\/2025\/08\/1-36-300x200.jpg 300w, https:\/\/topmotor.com.ar\/wp-content\/uploads\/2025\/08\/1-36-1024x683.jpg 1024w, https:\/\/topmotor.com.ar\/wp-content\/uploads\/2025\/08\/1-36-768x512.jpg 768w, https:\/\/topmotor.com.ar\/wp-content\/uploads\/2025\/08\/1-36-1536x1024.jpg 1536w, https:\/\/topmotor.com.ar\/wp-content\/uploads\/2025\/08\/1-36-2048x1365.jpg 2048w, https:\/\/topmotor.com.ar\/wp-content\/uploads\/2025\/08\/1-36-696x464.jpg 696w, https:\/\/topmotor.com.ar\/wp-content\/uploads\/2025\/08\/1-36-1068x712.jpg 1068w, https:\/\/topmotor.com.ar\/wp-content\/uploads\/2025\/08\/1-36-630x420.jpg 630w\" sizes=\"auto, (max-width: 701px) 100vw, 701px\" \/><\/p>\n<p>Por dentro luce una presentaci\u00f3n premium. Trae asientos materiales exclusivos e insignias, que combinan cuero y alc\u00e1ntara, techo panor\u00e1mico, tres paneles de \u00faltima generaci\u00f3n de 12,3\u201d de alta resoluci\u00f3n, con Head-up Display y conectividad Apple CarPlay y Android Auto, m\u00e1s un sistema de sonido de 8 o 10 altavoces, seg\u00fan la variante. La Esprit Alpine incluye un avanzado sistema de cancelaci\u00f3n de ruido. Ambos ofrecen una experiencia de conducci\u00f3n silenciosa gracias a la ac\u00fastica de su dise\u00f1o, con vidrios ac\u00fasticos y grosos del vidrio trasero.<\/p>\n<p><img loading=\"lazy\" decoding=\"async\" class=\"alignnone wp-image-24639\" src=\"https:\/\/topmotor.com.ar\/wp-content\/uploads\/2025\/08\/1-15-300x200.jpg\" alt=\"\" width=\"338\" height=\"225\" srcset=\"https:\/\/topmotor.com.ar\/wp-content\/uploads\/2025\/08\/1-15-300x200.jpg 300w, https:\/\/topmotor.com.ar\/wp-content\/uploads\/2025\/08\/1-15-1024x683.jpg 1024w, https:\/\/topmotor.com.ar\/wp-content\/uploads\/2025\/08\/1-15-768x512.jpg 768w, https:\/\/topmotor.com.ar\/wp-content\/uploads\/2025\/08\/1-15-1536x1024.jpg 1536w, https:\/\/topmotor.com.ar\/wp-content\/uploads\/2025\/08\/1-15-2048x1365.jpg 2048w, https:\/\/topmotor.com.ar\/wp-content\/uploads\/2025\/08\/1-15-696x464.jpg 696w, https:\/\/topmotor.com.ar\/wp-content\/uploads\/2025\/08\/1-15-1068x712.jpg 1068w, https:\/\/topmotor.com.ar\/wp-content\/uploads\/2025\/08\/1-15-630x420.jpg 630w\" sizes=\"auto, (max-width: 338px) 100vw, 338px\" \/><img loading=\"lazy\" decoding=\"async\" class=\"alignnone wp-image-24628\" src=\"https:\/\/topmotor.com.ar\/wp-content\/uploads\/2025\/08\/1-7-300x200.jpg\" alt=\"\" width=\"338\" height=\"225\" srcset=\"https:\/\/topmotor.com.ar\/wp-content\/uploads\/2025\/08\/1-7-300x200.jpg 300w, https:\/\/topmotor.com.ar\/wp-content\/uploads\/2025\/08\/1-7-1024x683.jpg 1024w, https:\/\/topmotor.com.ar\/wp-content\/uploads\/2025\/08\/1-7-768x512.jpg 768w, https:\/\/topmotor.com.ar\/wp-content\/uploads\/2025\/08\/1-7-1536x1024.jpg 1536w, https:\/\/topmotor.com.ar\/wp-content\/uploads\/2025\/08\/1-7-2048x1365.jpg 2048w, https:\/\/topmotor.com.ar\/wp-content\/uploads\/2025\/08\/1-7-696x464.jpg 696w, https:\/\/topmotor.com.ar\/wp-content\/uploads\/2025\/08\/1-7-1068x712.jpg 1068w, https:\/\/topmotor.com.ar\/wp-content\/uploads\/2025\/08\/1-7-630x420.jpg 630w\" sizes=\"auto, (max-width: 338px) 100vw, 338px\" \/><\/p>\n<p>Para el \u00edtem de seguridad, tenemos que hablar que se destaca por incorporar hasta 29 sistemas avanzados de asistencia al conductor (ADAS), con sistema de estacionamiento aut\u00f3nomo, mantenimiento de carril, regulaci\u00f3n de distancia delantera, frenado aut\u00f3nomo de emergencia, c\u00e1mara de visi\u00f3n 540\u00b0, sensores de estacionamiento y alerta de punto ciego, entre otros. Completan el equipamiento de seguridad, los 7 airbags que traen las dos versiones.<\/p>\n<p><img loading=\"lazy\" decoding=\"async\" class=\" wp-image-24631 aligncenter\" src=\"https:\/\/topmotor.com.ar\/wp-content\/uploads\/2025\/08\/R-DAM_1670356-300x169.jpg\" alt=\"\" width=\"701\" height=\"395\" srcset=\"https:\/\/topmotor.com.ar\/wp-content\/uploads\/2025\/08\/R-DAM_1670356-300x169.jpg 300w, https:\/\/topmotor.com.ar\/wp-content\/uploads\/2025\/08\/R-DAM_1670356-1024x576.jpg 1024w, https:\/\/topmotor.com.ar\/wp-content\/uploads\/2025\/08\/R-DAM_1670356-768x432.jpg 768w, https:\/\/topmotor.com.ar\/wp-content\/uploads\/2025\/08\/R-DAM_1670356-696x392.jpg 696w, https:\/\/topmotor.com.ar\/wp-content\/uploads\/2025\/08\/R-DAM_1670356-1068x601.jpg 1068w, https:\/\/topmotor.com.ar\/wp-content\/uploads\/2025\/08\/R-DAM_1670356-747x420.jpg 747w, https:\/\/topmotor.com.ar\/wp-content\/uploads\/2025\/08\/R-DAM_1670356.jpg 1200w\" sizes=\"auto, (max-width: 701px) 100vw, 701px\" \/><\/p>\n<p><img loading=\"lazy\" decoding=\"async\" class=\" wp-image-24629 aligncenter\" src=\"https:\/\/topmotor.com.ar\/wp-content\/uploads\/2025\/08\/1-5-300x200.jpg\" alt=\"\" width=\"704\" height=\"469\" srcset=\"https:\/\/topmotor.com.ar\/wp-content\/uploads\/2025\/08\/1-5-300x200.jpg 300w, https:\/\/topmotor.com.ar\/wp-content\/uploads\/2025\/08\/1-5-1024x683.jpg 1024w, https:\/\/topmotor.com.ar\/wp-content\/uploads\/2025\/08\/1-5-768x512.jpg 768w, https:\/\/topmotor.com.ar\/wp-content\/uploads\/2025\/08\/1-5-1536x1024.jpg 1536w, https:\/\/topmotor.com.ar\/wp-content\/uploads\/2025\/08\/1-5-2048x1365.jpg 2048w, https:\/\/topmotor.com.ar\/wp-content\/uploads\/2025\/08\/1-5-696x464.jpg 696w, https:\/\/topmotor.com.ar\/wp-content\/uploads\/2025\/08\/1-5-1068x712.jpg 1068w, https:\/\/topmotor.com.ar\/wp-content\/uploads\/2025\/08\/1-5-630x420.jpg 630w\" sizes=\"auto, (max-width: 704px) 100vw, 704px\" \/><\/p>\n<p>La versi\u00f3n Techno trae un motor naftero 2.0 de 235 CV y 350 Nm de torque. Tiene tracci\u00f3n 4WD y caja autom\u00e1tica de 8 velocidades. En cambio, la variante Esprit Alpine Full Hybrid E-Tech combina un naftero 1.5 turbo de 144 CV y 230 Nm con dos el\u00e9ctricos con 136 CV y 220 Nm para entregar una potencia total de 245 CV. La tracci\u00f3n es delantera. Gracias a su gesti\u00f3n energ\u00e9tica optimizada, el nuevo Koleos esprit Alpine full hybrid E-Tech es capaz de recorrer hasta 75% de conducci\u00f3n el\u00e9ctrica en ciudad, sin necesidad de recarga externa, ni infraestructura de carga.<\/p>\n<p><img loading=\"lazy\" decoding=\"async\" class=\"wp-image-24640 aligncenter\" src=\"https:\/\/topmotor.com.ar\/wp-content\/uploads\/2025\/08\/R-DAM_1609426-1-300x187.jpg\" alt=\"\" width=\"706\" height=\"440\" srcset=\"https:\/\/topmotor.com.ar\/wp-content\/uploads\/2025\/08\/R-DAM_1609426-1-300x187.jpg 300w, https:\/\/topmotor.com.ar\/wp-content\/uploads\/2025\/08\/R-DAM_1609426-1-1024x637.jpg 1024w, https:\/\/topmotor.com.ar\/wp-content\/uploads\/2025\/08\/R-DAM_1609426-1-768x478.jpg 768w, https:\/\/topmotor.com.ar\/wp-content\/uploads\/2025\/08\/R-DAM_1609426-1-1536x956.jpg 1536w, https:\/\/topmotor.com.ar\/wp-content\/uploads\/2025\/08\/R-DAM_1609426-1-2048x1275.jpg 2048w, https:\/\/topmotor.com.ar\/wp-content\/uploads\/2025\/08\/R-DAM_1609426-1-696x433.jpg 696w, https:\/\/topmotor.com.ar\/wp-content\/uploads\/2025\/08\/R-DAM_1609426-1-1068x665.jpg 1068w, https:\/\/topmotor.com.ar\/wp-content\/uploads\/2025\/08\/R-DAM_1609426-1-675x420.jpg 675w\" sizes=\"auto, (max-width: 706px) 100vw, 706px\" \/><\/p>\n<p>El lanzamiento del Koleos sigue la estrategia de Servicio Conectados de Renault a trav\u00e9s de la App My Koleos, se va a poder alcanzar informaci\u00f3n del modelo y tener funciones avanzadas.<\/p>\n<p><img loading=\"lazy\" decoding=\"async\" class=\" wp-image-24630 aligncenter\" src=\"https:\/\/topmotor.com.ar\/wp-content\/uploads\/2025\/08\/7-2-300x200.jpg\" alt=\"\" width=\"701\" height=\"467\" srcset=\"https:\/\/topmotor.com.ar\/wp-content\/uploads\/2025\/08\/7-2-300x200.jpg 300w, https:\/\/topmotor.com.ar\/wp-content\/uploads\/2025\/08\/7-2-1024x683.jpg 1024w, https:\/\/topmotor.com.ar\/wp-content\/uploads\/2025\/08\/7-2-768x512.jpg 768w, https:\/\/topmotor.com.ar\/wp-content\/uploads\/2025\/08\/7-2-1536x1024.jpg 1536w, https:\/\/topmotor.com.ar\/wp-content\/uploads\/2025\/08\/7-2-2048x1365.jpg 2048w, https:\/\/topmotor.com.ar\/wp-content\/uploads\/2025\/08\/7-2-696x464.jpg 696w, https:\/\/topmotor.com.ar\/wp-content\/uploads\/2025\/08\/7-2-1068x712.jpg 1068w, https:\/\/topmotor.com.ar\/wp-content\/uploads\/2025\/08\/7-2-630x420.jpg 630w\" sizes=\"auto, (max-width: 701px) 100vw, 701px\" \/><\/p>\n<p>Renault pone en venta ambos modelos a un precio de $74.300.000 para la Techno y $79.900.000 para la Esprit Alpine h\u00edbrida. Est\u00e1n disponibles en color gris, cobre y blanco.<\/p>\n<p>La preventa se realiza de forma exclusiva a trav\u00e9s de Renault Store desde el 28 de agosto y hasta agotar stock de unidades. Para acceder, ingresar a:\u00a0<a href=\"https:\/\/store.renault.com.ar\/\">https:\/\/store.renault.com.ar\/<\/a><\/p>\n","protected":false},"excerpt":{"rendered":"<p>La marca del rombo lanz\u00f3 la preventa exclusiva del nuevo SUV que llega en dos versiones desde Corea del Sur. Ya est\u00e1 disponible desde 74.300 d\u00f3lares. Con m\u00e1s de 8.000 unidades vendidas desde su llegada en 2009, Renault lanza la tercera generaci\u00f3n de este modelo, con modificaciones en dise\u00f1o, tecnolog\u00eda, seguridad y confort. Llega en [&hellip;]<\/p>\n","protected":false},"author":2,"featured_media":24638,"comment_status":"open","ping_status":"open","sticky":false,"template":"","format":"standard","meta":{"footnotes":""},"categories":[18],"tags":[778,64,531],"class_list":["post-24657","post","type-post","status-publish","format-standard","has-post-thumbnail","hentry","category-lanzamientos","tag-lanzamientos","tag-renault","tag-renault-koleos"],"_links":{"self":[{"href":"https:\/\/topmotor.com.ar\/index.php\/wp-json\/wp\/v2\/posts\/24657","targetHints":{"allow":["GET"]}}],"collection":[{"href":"https:\/\/topmotor.com.ar\/index.php\/wp-json\/wp\/v2\/posts"}],"about":[{"href":"https:\/\/topmotor.com.ar\/index.php\/wp-json\/wp\/v2\/types\/post"}],"author":[{"embeddable":true,"href":"https:\/\/topmotor.com.ar\/index.php\/wp-json\/wp\/v2\/users\/2"}],"replies":[{"embeddable":true,"href":"https:\/\/topmotor.com.ar\/index.php\/wp-json\/wp\/v2\/comments?post=24657"}],"version-history":[{"count":3,"href":"https:\/\/topmotor.com.ar\/index.php\/wp-json\/wp\/v2\/posts\/24657\/revisions"}],"predecessor-version":[{"id":24888,"href":"https:\/\/topmotor.com.ar\/index.php\/wp-json\/wp\/v2\/posts\/24657\/revisions\/24888"}],"wp:featuredmedia":[{"embeddable":true,"href":"https:\/\/topmotor.com.ar\/index.php\/wp-json\/wp\/v2\/media\/24638"}],"wp:attachment":[{"href":"https:\/\/topmotor.com.ar\/index.php\/wp-json\/wp\/v2\/media?parent=24657"}],"wp:term":[{"taxonomy":"category","embeddable":true,"href":"https:\/\/topmotor.com.ar\/index.php\/wp-json\/wp\/v2\/categories?post=24657"},{"taxonomy":"post_tag","embeddable":true,"href":"https:\/\/topmotor.com.ar\/index.php\/wp-json\/wp\/v2\/tags?post=24657"}],"curies":[{"name":"wp","href":"https:\/\/api.w.org\/{rel}","templated":true}]}}