{"id":24625,"date":"2025-08-28T15:52:12","date_gmt":"2025-08-28T15:52:12","guid":{"rendered":"https:\/\/topmotor.com.ar\/?p=24625"},"modified":"2025-08-28T15:52:12","modified_gmt":"2025-08-28T15:52:12","slug":"volkswagen-camiones-y-buses-dice-presente-en-argentina-mining-sur","status":"publish","type":"post","link":"https:\/\/topmotor.com.ar\/index.php\/2025\/08\/28\/volkswagen-camiones-y-buses-dice-presente-en-argentina-mining-sur\/","title":{"rendered":"Volkswagen Camiones y Buses dice presente en Argentina Mining Sur"},"content":{"rendered":"<p>La marca contin\u00faa reforzando su v\u00ednculo con el sector industrial minero, ahora a partir de su presencia en la XVII Convenci\u00f3n Internacional sobre Oportunidades de Negocios en Exportaci\u00f3n, Geolog\u00eda y Miner\u00eda, que se realiza en El Calafate, Santa Cruz.<\/p>\n<p><img loading=\"lazy\" decoding=\"async\" class=\" wp-image-24624 aligncenter\" src=\"https:\/\/topmotor.com.ar\/wp-content\/uploads\/2025\/08\/VW-CB-300x125.jpg\" alt=\"\" width=\"708\" height=\"295\" srcset=\"https:\/\/topmotor.com.ar\/wp-content\/uploads\/2025\/08\/VW-CB-300x125.jpg 300w, https:\/\/topmotor.com.ar\/wp-content\/uploads\/2025\/08\/VW-CB-1024x427.jpg 1024w, https:\/\/topmotor.com.ar\/wp-content\/uploads\/2025\/08\/VW-CB-768x320.jpg 768w, https:\/\/topmotor.com.ar\/wp-content\/uploads\/2025\/08\/VW-CB-1536x640.jpg 1536w, https:\/\/topmotor.com.ar\/wp-content\/uploads\/2025\/08\/VW-CB-2048x853.jpg 2048w, https:\/\/topmotor.com.ar\/wp-content\/uploads\/2025\/08\/VW-CB-696x290.jpg 696w, https:\/\/topmotor.com.ar\/wp-content\/uploads\/2025\/08\/VW-CB-1068x445.jpg 1068w, https:\/\/topmotor.com.ar\/wp-content\/uploads\/2025\/08\/VW-CB-1008x420.jpg 1008w\" sizes=\"auto, (max-width: 708px) 100vw, 708px\" \/><\/p>\n<p>Del 27 al 29 de agosto la divisi\u00f3n Camiones y Buses de VW dice presente con un stand en Argentina Mining Sur 2025, en El Calafate, donde despliega sus veh\u00edculos off-road<\/p>\n<p>All\u00ed se exhiben el Constellation 33.460, el extrapesado 6X4 con un motor MAN D26 de \u00faltima generaci\u00f3n con 460 CV, asociado a una transmisi\u00f3n automatizada ZF Traxon de 12 velocidades y con una capacidad de tracci\u00f3n de 125.000 kg. A su vez, todos los elementos de protecci\u00f3n como rejillas de faros, paragolpes delantero y chap\u00f3n cubre carter y zona baja de radiador, son met\u00e1licos. Al igual que la suspensi\u00f3n, el chasis est\u00e1 reforzado y presenta una generosa altura libre al suelo, con mayores \u00e1ngulos de ataque y salida, propios de un veh\u00edculo de uso off-road.<\/p>\n","protected":false},"excerpt":{"rendered":"<p>La marca contin\u00faa reforzando su v\u00ednculo con el sector industrial minero, ahora a partir de su presencia en la XVII Convenci\u00f3n Internacional sobre Oportunidades de Negocios en Exportaci\u00f3n, Geolog\u00eda y Miner\u00eda, que se realiza en El Calafate, Santa Cruz. Del 27 al 29 de agosto la divisi\u00f3n Camiones y Buses de VW dice presente con [&hellip;]<\/p>\n","protected":false},"author":2,"featured_media":24624,"comment_status":"open","ping_status":"open","sticky":false,"template":"","format":"standard","meta":{"footnotes":""},"categories":[50],"tags":[337,1119],"class_list":["post-24625","post","type-post","status-publish","format-standard","has-post-thumbnail","hentry","category-novedad","tag-novedad","tag-volkswagen-camiones-y-buses"],"_links":{"self":[{"href":"https:\/\/topmotor.com.ar\/index.php\/wp-json\/wp\/v2\/posts\/24625","targetHints":{"allow":["GET"]}}],"collection":[{"href":"https:\/\/topmotor.com.ar\/index.php\/wp-json\/wp\/v2\/posts"}],"about":[{"href":"https:\/\/topmotor.com.ar\/index.php\/wp-json\/wp\/v2\/types\/post"}],"author":[{"embeddable":true,"href":"https:\/\/topmotor.com.ar\/index.php\/wp-json\/wp\/v2\/users\/2"}],"replies":[{"embeddable":true,"href":"https:\/\/topmotor.com.ar\/index.php\/wp-json\/wp\/v2\/comments?post=24625"}],"version-history":[{"count":2,"href":"https:\/\/topmotor.com.ar\/index.php\/wp-json\/wp\/v2\/posts\/24625\/revisions"}],"predecessor-version":[{"id":24643,"href":"https:\/\/topmotor.com.ar\/index.php\/wp-json\/wp\/v2\/posts\/24625\/revisions\/24643"}],"wp:featuredmedia":[{"embeddable":true,"href":"https:\/\/topmotor.com.ar\/index.php\/wp-json\/wp\/v2\/media\/24624"}],"wp:attachment":[{"href":"https:\/\/topmotor.com.ar\/index.php\/wp-json\/wp\/v2\/media?parent=24625"}],"wp:term":[{"taxonomy":"category","embeddable":true,"href":"https:\/\/topmotor.com.ar\/index.php\/wp-json\/wp\/v2\/categories?post=24625"},{"taxonomy":"post_tag","embeddable":true,"href":"https:\/\/topmotor.com.ar\/index.php\/wp-json\/wp\/v2\/tags?post=24625"}],"curies":[{"name":"wp","href":"https:\/\/api.w.org\/{rel}","templated":true}]}}